{"id":969,"date":"2023-12-18T12:21:10","date_gmt":"2023-12-18T12:21:10","guid":{"rendered":"http:\/\/www.gabrielsobin.com\/?p=969"},"modified":"2023-12-18T12:21:11","modified_gmt":"2023-12-18T12:21:11","slug":"hommage-au-pere-2","status":"publish","type":"post","link":"https:\/\/www.gabrielsobin.com\/?p=969&lang=fr","title":{"rendered":"Hommage au p\u00e8re"},"content":{"rendered":"\n<p><img loading=\"lazy\" decoding=\"async\" width=\"700\" height=\"932\" class=\"alignnone size-full wp-image-204\" src=\"http:\/\/www.gabrielsobin.com\/wp-content\/uploads\/2016\/09\/01_fathers-poem.jpg\" alt=\"01_fathers-poem\" srcset=\"https:\/\/www.gabrielsobin.com\/wp-content\/uploads\/2016\/09\/01_fathers-poem.jpg 700w, https:\/\/www.gabrielsobin.com\/wp-content\/uploads\/2016\/09\/01_fathers-poem-225x300.jpg 225w\" sizes=\"auto, (max-width: 700px) 100vw, 700px\" \/><\/p>\n\n\n\n<p>pour Gabriel<\/p>\n\n\n\n<p>&#8230;trop tard pour tout, maintenant, sauf<br>commencer. sauf recycler les \u00e9toiles \u00e9teintes sur leurs<br>orbites d\u00e9c-<br>im\u00e9es- et les dahlias. aussi. oui, les dahlias, et<br>les tulipes, leur p\u00e9tales souffl\u00e9s bien au-del\u00e0 des fresques<br>palies de la<br>m\u00e9moire. sculpte, alors. car assur\u00e9ment les pores<br>translucides des<br>doigts vont s\u2019ouvrir \u00e0 ce que les mains, dans toute leur<br>rapacit\u00e9, avaient si longtemps<br>oblit\u00e9r\u00e9.<\/p>\n\n\n\n<p class=\"has-text-align-right\"><strong>Gustaf Sobin<\/strong>&nbsp; &#8211;&nbsp; 2005<\/p>\n\n\n\n<p class=\"has-text-align-right\">Traduction Michel Roure<\/p>\n\n\n\n<figure class=\"wp-block-image\"><img loading=\"lazy\" decoding=\"async\" width=\"700\" height=\"882\" src=\"http:\/\/www.gabrielsobin.com\/wp-content\/uploads\/2016\/09\/01_fathers-poemE-1.jpg\" alt=\"01_fathers-poeme\" class=\"wp-image-506\" srcset=\"https:\/\/www.gabrielsobin.com\/wp-content\/uploads\/2016\/09\/01_fathers-poemE-1.jpg 700w, https:\/\/www.gabrielsobin.com\/wp-content\/uploads\/2016\/09\/01_fathers-poemE-1-238x300.jpg 238w\" sizes=\"auto, (max-width: 700px) 100vw, 700px\" \/><\/figure>\n\n\n\n<p class=\"has-text-align-right\"><\/p>\n\n\n\n<p class=\"has-text-align-left\">circa 1972<\/p>\n\n\n\n<p><img loading=\"lazy\" decoding=\"async\" class=\"alignnone size-full wp-image-206\" src=\"http:\/\/www.gabrielsobin.com\/wp-content\/uploads\/2016\/09\/01_fathers-poemC.jpg\" alt=\"01_fathers-poemC\" width=\"700\" height=\"955\" srcset=\"https:\/\/www.gabrielsobin.com\/wp-content\/uploads\/2016\/09\/01_fathers-poemC.jpg 700w, https:\/\/www.gabrielsobin.com\/wp-content\/uploads\/2016\/09\/01_fathers-poemC-220x300.jpg 220w\" sizes=\"auto, (max-width: 700px) 100vw, 700px\" \/>A mon p\u00e8re, GUSTAF SOBIN (1935- 2005), po\u00e8te, romancier et essayiste am\u00e9ricain qui v\u00e9cut \u00e0 Goult, Vaucluse, de 1962 \u00e0 2005.<\/p>\n\n\n\n<p>Je pr\u00e9sente un travail inspir\u00e9 d\u2019un po\u00e8me qu\u2019il me d\u00e9dia, et qui m\u2019habite depuis de nombreuses ann\u00e9es. Ce po\u00e8me offre des clefs ou paraboles pour appr\u00e9hender des questions essentielles que sont le d\u00e9part, le processus de cr\u00e9ation et les cycles de la nature.<br>Des cycles qui, de la fleur \u00e0 l\u2019\u00e9toile, nous rappellent l\u2019origine et le d\u00e9clin de la vie, la matrice et la cendre.<br>Le processus de cr\u00e9ation est ici pr\u00e9sent en opposition \u00e0 la \u00ab&nbsp;rapacit\u00e9&nbsp;\u00bb primitive de la possession, de l\u2019accumulation mat\u00e9rielle.<br>La cr\u00e9ation pure, par contraste, \u00e9mane d\u2019une profondeur immat\u00e9rielle, pour s\u2019\u00e9lever ou r\u00e9v\u00e9ler ce qui ne peut normalement \u00eatre vu ou d\u00e9crit, sans possession.<br>Le d\u00e9part est dans ces lignes sous-jacent de la fin, physique et cr\u00e9ative, du po\u00e8te ou des apparences. Mais le \u00ab&nbsp;trop tard&nbsp;\u00bb de la fin sous-tend aussi le recommencement, par l\u2019acte d\u2019amour de la cr\u00e9ation, en un printemps cosmique.<br>La naissance d\u2019une galaxie ou d\u2019un po\u00e8me se ressemblent, car ces semences d\u2019une puissance extraordinaire se d\u00e9ploient dans une grande vuln\u00e9rabilit\u00e9.<br>C\u2019est donc par une tentative d\u2019&nbsp;\u00ab&nbsp;illustration&nbsp;\u00bb de ce po\u00e8me que j\u2019ai finalement pu le lire, et me laisser parcourir par toutes ses dimensions.<\/p>\n\n\n\n<p class=\"has-text-align-right\"><strong>G S<\/strong><\/p>\n\n\n\n<figure class=\"wp-block-image\"><img loading=\"lazy\" decoding=\"async\" width=\"700\" height=\"344\" src=\"http:\/\/www.gabrielsobin.com\/wp-content\/uploads\/2016\/09\/01_fathers-poemF.jpg\" alt=\"01_fathers-poemF\" class=\"wp-image-209\" srcset=\"https:\/\/www.gabrielsobin.com\/wp-content\/uploads\/2016\/09\/01_fathers-poemF.jpg 700w, https:\/\/www.gabrielsobin.com\/wp-content\/uploads\/2016\/09\/01_fathers-poemF-300x147.jpg 300w\" sizes=\"auto, (max-width: 700px) 100vw, 700px\" \/><\/figure>\n\n\n\n<p class=\"has-text-align-right\"><\/p>\n\n\n\n<p>Pink onyx, black beeswax and onyx chips.<\/p>\n","protected":false},"excerpt":{"rendered":"<p>pour Gabriel &#8230;trop tard pour tout, maintenant, saufcommencer. sauf recycler les \u00e9toiles \u00e9teintes sur leursorbites d\u00e9c-im\u00e9es- et les dahlias. aussi. <a class=\"read-more\" href=\"https:\/\/www.gabrielsobin.com\/?p=969&#038;lang=fr\">| m\u00e1s informaci\u00f3n |<\/a><\/p>\n","protected":false},"author":1,"featured_media":764,"comment_status":"open","ping_status":"open","sticky":false,"template":"","format":"standard","meta":{"footnotes":""},"categories":[63],"tags":[],"class_list":["post-969","post","type-post","status-publish","format-standard","has-post-thumbnail","hentry","category-hommage"],"_links":{"self":[{"href":"https:\/\/www.gabrielsobin.com\/index.php?rest_route=\/wp\/v2\/posts\/969","targetHints":{"allow":["GET"]}}],"collection":[{"href":"https:\/\/www.gabrielsobin.com\/index.php?rest_route=\/wp\/v2\/posts"}],"about":[{"href":"https:\/\/www.gabrielsobin.com\/index.php?rest_route=\/wp\/v2\/types\/post"}],"author":[{"embeddable":true,"href":"https:\/\/www.gabrielsobin.com\/index.php?rest_route=\/wp\/v2\/users\/1"}],"replies":[{"embeddable":true,"href":"https:\/\/www.gabrielsobin.com\/index.php?rest_route=%2Fwp%2Fv2%2Fcomments&post=969"}],"version-history":[{"count":1,"href":"https:\/\/www.gabrielsobin.com\/index.php?rest_route=\/wp\/v2\/posts\/969\/revisions"}],"predecessor-version":[{"id":970,"href":"https:\/\/www.gabrielsobin.com\/index.php?rest_route=\/wp\/v2\/posts\/969\/revisions\/970"}],"wp:featuredmedia":[{"embeddable":true,"href":"https:\/\/www.gabrielsobin.com\/index.php?rest_route=\/wp\/v2\/media\/764"}],"wp:attachment":[{"href":"https:\/\/www.gabrielsobin.com\/index.php?rest_route=%2Fwp%2Fv2%2Fmedia&parent=969"}],"wp:term":[{"taxonomy":"category","embeddable":true,"href":"https:\/\/www.gabrielsobin.com\/index.php?rest_route=%2Fwp%2Fv2%2Fcategories&post=969"},{"taxonomy":"post_tag","embeddable":true,"href":"https:\/\/www.gabrielsobin.com\/index.php?rest_route=%2Fwp%2Fv2%2Ftags&post=969"}],"curies":[{"name":"wp","href":"https:\/\/api.w.org\/{rel}","templated":true}]}}